{"id":671,"date":"2025-07-23T19:38:25","date_gmt":"2025-07-23T19:38:25","guid":{"rendered":"https:\/\/gefluegelvombrunnenhof.de\/?p=671"},"modified":"2025-10-09T07:27:29","modified_gmt":"2025-10-09T07:27:29","slug":"wir-machen-sommerpause","status":"publish","type":"post","link":"https:\/\/gefluegelvombrunnenhof.de\/index.php\/2025\/07\/23\/wir-machen-sommerpause\/","title":{"rendered":"Sommerpause auf dem Brunnenhof"},"content":{"rendered":"<h3 style=\"text-align: center;\"><strong>Wir machen Sommerpause \u2013 vom 04. \u2013 17. August 2025!<\/strong><\/h3>\n<h4 style=\"text-align: center;\">Ab Mittwoch 20.08.25 ist unser Hofladen ab 10:00 Uhr wieder f\u00fcr euch ge\u00f6ffnet.<\/h4>\n<p><img decoding=\"async\" class=\"aligncenter wp-image-667 size-full lazyload\" data-src=\"https:\/\/gefluegelvombrunnenhof.de\/wp-content\/uploads\/2025\/07\/Tabelle-Sommerpause.png\" alt=\"\" width=\"1587\" height=\"473\" data-srcset=\"https:\/\/gefluegelvombrunnenhof.de\/wp-content\/uploads\/2025\/07\/Tabelle-Sommerpause.png 1587w, https:\/\/gefluegelvombrunnenhof.de\/wp-content\/uploads\/2025\/07\/Tabelle-Sommerpause-300x89.png 300w, https:\/\/gefluegelvombrunnenhof.de\/wp-content\/uploads\/2025\/07\/Tabelle-Sommerpause-1024x305.png 1024w, https:\/\/gefluegelvombrunnenhof.de\/wp-content\/uploads\/2025\/07\/Tabelle-Sommerpause-768x229.png 768w, https:\/\/gefluegelvombrunnenhof.de\/wp-content\/uploads\/2025\/07\/Tabelle-Sommerpause-1536x458.png 1536w, https:\/\/gefluegelvombrunnenhof.de\/wp-content\/uploads\/2025\/07\/Tabelle-Sommerpause-1140x340.png 1140w\" data-sizes=\"(max-width: 1587px) 100vw, 1587px\" src=\"data:image\/svg+xml;base64,PHN2ZyB3aWR0aD0iMSIgaGVpZ2h0PSIxIiB4bWxucz0iaHR0cDovL3d3dy53My5vcmcvMjAwMC9zdmciPjwvc3ZnPg==\" style=\"--smush-placeholder-width: 1587px; --smush-placeholder-aspect-ratio: 1587\/473;\" \/><\/p>\n<h3 style=\"text-align: center;\">Das Team vom Brunnenhof w\u00fcnscht sch\u00f6ne Sommertage!<\/h3>\n","protected":false},"excerpt":{"rendered":"<p>Wir machen Sommerpause \u2013 vom 04. \u2013 17. August 2025! Ab Mittwoch 20.08.25 ist unser Hofladen ab 10:00 Uhr wieder f\u00fcr euch ge\u00f6ffnet. Das Team vom Brunnenhof w\u00fcnscht sch\u00f6ne Sommertage!<\/p>\n","protected":false},"author":1,"featured_media":661,"comment_status":"open","ping_status":"open","sticky":false,"template":"","format":"standard","meta":{"footnotes":""},"categories":[1],"tags":[],"class_list":["post-671","post","type-post","status-publish","format-standard","has-post-thumbnail","hentry","category-uncategorized"],"_links":{"self":[{"href":"https:\/\/gefluegelvombrunnenhof.de\/index.php\/wp-json\/wp\/v2\/posts\/671","targetHints":{"allow":["GET"]}}],"collection":[{"href":"https:\/\/gefluegelvombrunnenhof.de\/index.php\/wp-json\/wp\/v2\/posts"}],"about":[{"href":"https:\/\/gefluegelvombrunnenhof.de\/index.php\/wp-json\/wp\/v2\/types\/post"}],"author":[{"embeddable":true,"href":"https:\/\/gefluegelvombrunnenhof.de\/index.php\/wp-json\/wp\/v2\/users\/1"}],"replies":[{"embeddable":true,"href":"https:\/\/gefluegelvombrunnenhof.de\/index.php\/wp-json\/wp\/v2\/comments?post=671"}],"version-history":[{"count":6,"href":"https:\/\/gefluegelvombrunnenhof.de\/index.php\/wp-json\/wp\/v2\/posts\/671\/revisions"}],"predecessor-version":[{"id":726,"href":"https:\/\/gefluegelvombrunnenhof.de\/index.php\/wp-json\/wp\/v2\/posts\/671\/revisions\/726"}],"wp:featuredmedia":[{"embeddable":true,"href":"https:\/\/gefluegelvombrunnenhof.de\/index.php\/wp-json\/wp\/v2\/media\/661"}],"wp:attachment":[{"href":"https:\/\/gefluegelvombrunnenhof.de\/index.php\/wp-json\/wp\/v2\/media?parent=671"}],"wp:term":[{"taxonomy":"category","embeddable":true,"href":"https:\/\/gefluegelvombrunnenhof.de\/index.php\/wp-json\/wp\/v2\/categories?post=671"},{"taxonomy":"post_tag","embeddable":true,"href":"https:\/\/gefluegelvombrunnenhof.de\/index.php\/wp-json\/wp\/v2\/tags?post=671"}],"curies":[{"name":"wp","href":"https:\/\/api.w.org\/{rel}","templated":true}]}}